{"id":20807,"date":"2018-11-16T15:56:07","date_gmt":"2018-11-16T18:56:07","guid":{"rendered":"http:\/\/www.somosvoley.com\/notas\/?p=20807"},"modified":"2018-11-18T00:03:38","modified_gmt":"2018-11-18T03:03:38","slug":"nuevo-cambio-de-frente-para-pablo-bengolea-al-ethnikos-alexandroupolis-de-grecia","status":"publish","type":"post","link":"https:\/\/www.somosvoley.com\/notas\/nuevo-cambio-de-frente-para-pablo-bengolea-al-ethnikos-alexandroupolis-de-grecia\/","title":{"rendered":"Nuevo cambio de frente para Pablo Bengolea: Al Ethnikos Alexandroupolis de Grecia"},"content":{"rendered":"<p><!--more--><\/p>\n<p>Aunque el mapa de los argentinos por el mundo del v\u00f3ley ya est\u00e1 bastante asentado, todav\u00eda hay tiempo para cambios. Uno de esos se dio esta semana y se trata de un nuevo destino en la variada carrera de Pablo Bengolea, que por primera vez jugar\u00e1 en Grecia con las ropas del\u00a0Ethnikos Alexandroupolis.<\/p>\n<p>El punta receptor, en la previa de la actual temporada de clubes, hab\u00eda sonado para el Narbonne de Francia en el que ya estuvo presente en la d\u00e9cada pasada, pero finalmente se convirti\u00f3 en jugador del Jeopark Kula de Turqu\u00eda, equipo con el que hasta ahora no hab\u00eda conseguido victorias en la competitiva Liga Efeler.<\/p>\n<p>Mientras tanto, al\u00a0Ethnikos griego tampoco le ven\u00edan saliendo las cosas seg\u00fan lo planeado en la Liga Hel\u00e9nica. Si bien por ahora lleva disputados s\u00f3lo dos partidos, un 3-2 sobre Pamvochaikos y un 0-3 ante Foinikas Syros, lo que no encajaba, seg\u00fan los medios locales, era el rendimiento del canadiense Riley Friesen, quien por lo tanto fue reemplazado por Bengolea.<\/p>\n<p>El argentino debutar\u00e1 este s\u00e1bado en un partido de peso ante Kifissias, aun siendo un reci\u00e9n llegado en las filas del equipo. Ah\u00ed se materializar\u00e1 esta nueva adici\u00f3n a su hoja de ruta en el v\u00f3ley internacional, que incluye experiencias en el Tarragona de Espa\u00f1a, el citado Narbonne y el Cannes de Francia, el Berl\u00edn alem\u00e1n, el Olsztyn polaco, dos temporadas en Al-Ahli de Arabia Saudita y el breve paso actual por Turqu\u00eda, adem\u00e1s de haber jugado en Argentina para UNTREF, UPCN, Belgrano de C\u00f3rdoba, V\u00e9lez y San Lorenzo.<\/p>\n<p>&nbsp;<\/p>\n","protected":false},"excerpt":{"rendered":"","protected":false},"author":5,"featured_media":20808,"comment_status":"closed","ping_status":"closed","sticky":false,"template":"","format":"standard","meta":{"_lmt_disableupdate":"","_lmt_disable":"","footnotes":""},"categories":[14],"tags":[321,1376],"class_list":["post-20807","post","type-post","status-publish","format-standard","has-post-thumbnail","hentry","category-argentinos-por-el-mundo","tag-grecia","tag-pablo-bengolea"],"_links":{"self":[{"href":"https:\/\/www.somosvoley.com\/notas\/wp-json\/wp\/v2\/posts\/20807","targetHints":{"allow":["GET"]}}],"collection":[{"href":"https:\/\/www.somosvoley.com\/notas\/wp-json\/wp\/v2\/posts"}],"about":[{"href":"https:\/\/www.somosvoley.com\/notas\/wp-json\/wp\/v2\/types\/post"}],"author":[{"embeddable":true,"href":"https:\/\/www.somosvoley.com\/notas\/wp-json\/wp\/v2\/users\/5"}],"replies":[{"embeddable":true,"href":"https:\/\/www.somosvoley.com\/notas\/wp-json\/wp\/v2\/comments?post=20807"}],"version-history":[{"count":1,"href":"https:\/\/www.somosvoley.com\/notas\/wp-json\/wp\/v2\/posts\/20807\/revisions"}],"predecessor-version":[{"id":20809,"href":"https:\/\/www.somosvoley.com\/notas\/wp-json\/wp\/v2\/posts\/20807\/revisions\/20809"}],"wp:featuredmedia":[{"embeddable":true,"href":"https:\/\/www.somosvoley.com\/notas\/wp-json\/wp\/v2\/media\/20808"}],"wp:attachment":[{"href":"https:\/\/www.somosvoley.com\/notas\/wp-json\/wp\/v2\/media?parent=20807"}],"wp:term":[{"taxonomy":"category","embeddable":true,"href":"https:\/\/www.somosvoley.com\/notas\/wp-json\/wp\/v2\/categories?post=20807"},{"taxonomy":"post_tag","embeddable":true,"href":"https:\/\/www.somosvoley.com\/notas\/wp-json\/wp\/v2\/tags?post=20807"}],"curies":[{"name":"wp","href":"https:\/\/api.w.org\/{rel}","templated":true}]}}