{"id":30449,"date":"2020-12-18T20:55:46","date_gmt":"2020-12-18T23:55:46","guid":{"rendered":"http:\/\/www.somosvoley.com\/notas\/?p=30449"},"modified":"2020-12-18T20:56:07","modified_gmt":"2020-12-18T23:56:07","slug":"un-nuevo-record-en-el-voley-nacional-alejandro-saadia-a-los-45-anos-participando-de-una-liga-a1","status":"publish","type":"post","link":"https:\/\/www.somosvoley.com\/notas\/un-nuevo-record-en-el-voley-nacional-alejandro-saadia-a-los-45-anos-participando-de-una-liga-a1\/","title":{"rendered":"Un nuevo r\u00e9cord en el v\u00f3ley nacional: Alejandro Saad\u00eda, a los 45 a\u00f1os participando de una Liga A1"},"content":{"rendered":"\n<!--more-->\n\n\n\n<p>Alejandro Saadia tiene 45 a\u00f1os y despu\u00e9s de una larga y exitosa trayectoria juega en Once Unidos de Mar del Plata. Bati\u00f3 las marcas de Hugo Gatti, Juan Espil y Hugo Conte. \u201cYa pas\u00f3 la \u00e9poca de competir, de vivir de esto. Hoy es disfrutarlo\u201d, le cuenta a Clar\u00edn.<\/p>\n\n\n\n<p>Decir\u00a0Hugo Orlando Gatti\u00a0es hablar de uno de los mejores arqueros de todos los tiempos en el f\u00fatbol argentino. Pensar en\u00a0<strong>Juan Espil\u00a0<\/strong>es recordar a uno de los mejores escoltas de la historia del\u00a0b\u00e1squet\u00a0nacional. A ambos los hermanaba un r\u00e9cord que vino a romper un hombre con menos cartel pero m\u00e1s vigencia:\u00a0<strong>Alejandro Saadia<\/strong>, jugador de\u00a0<strong>Once Unidos de Mar del Plata\u00a0<\/strong>que, a los 45 a\u00f1os, acaba de terminar su participaci\u00f3n en la\u00a0<strong>Copa RUS Argentina\u00a0<\/strong>de v\u00f3leibol con la marca de ser el\u00a0<strong>jugador m\u00e1s veterano<\/strong>\u00a0de la historia en las ligas masculinas de los tres deportes profesionales por equipos que tiene el pa\u00eds.<\/p>\n\n\n\n<p>La ca\u00edda con\u00a0<strong>Paracao V\u00f3ley<\/strong>\u00a0de\u00a0Paran\u00e1,\u00a0Entre R\u00edos,\u00a0en las semifinales del certamen\u00a0impidieron que Saadia y Once Unidos fuesen por la gloria en el debut del club en la m\u00e1xima categor\u00eda, pero no empa\u00f1aron una muy buena actuaci\u00f3n que dej\u00f3 al experimentado central con sensaciones m\u00e1s que positivas.<\/p>\n\n\n\n<p>\u00abSeguimos sumando un mont\u00f3n, estamos mucho mejor como equipo. Jugamos a m\u00e1s alto nivel que en la Liga A2 del a\u00f1o pasado. Ten\u00edamos bastante incertidumbre por el nivel que supon\u00eda la Liga A1, por c\u00f3mo nos iba a ir -admite en di\u00e1logo con&nbsp;<strong><a href=\"https:\/\/www.clarin.com\/tema\/clarin.html\" target=\"_blank\" rel=\"noreferrer noopener\">Clar\u00edn<\/a><\/strong>-. Pens\u00e1bamos que quiz\u00e1s nos iban a matar todos los equipos y no fue as\u00ed, ni siquiera con UPCN nos sentimos ampliamente superados. Creo que el balance es muy bueno, los pibes reaccionaron b\u00e1rbaro, jugaron muy buenos partidos. As\u00ed que muy contento e ilusionado con el desempe\u00f1o del equipo\u00bb.<\/p>\n\n\n\n<p>A los 45 a\u00f1os y casi tres meses (naci\u00f3 el 28 de agosto de 1975), Saadia tiene un largo recorrido en el v\u00f3ley. En\u00a0Argentina\u00a0se dio el gusto de ser campe\u00f3n con N\u00e1utico Hacoaj en la temporada 1999\/2000 y tambi\u00e9n celebr\u00f3 en\u00a0<a rel=\"noreferrer noopener\" href=\"https:\/\/www.clarin.com\/tema\/israel.html\" target=\"_blank\">Israel<\/a>, donde pas\u00f3 varios a\u00f1os.<\/p>\n\n\n\n<p>La marca que consigui\u00f3 es muy particular y lo catapult\u00f3 a la historia de los deportes colectivos argentinos. Incluso en la actualidad, con todos los progresos que ha habido en la preparaci\u00f3n deportiva y que han extendido la vida \u00fatil de los atletas, encontrar un deportista de 45 a\u00f1os es una curiosidad.<\/p>\n\n\n\n<p>A Alejandro no le es ajena la situaci\u00f3n. \u00abEstaba al tanto del r\u00e9cord, s\u00ed, pero no me lo estaba tomando como un objetivo ni vine a jugar por eso.&nbsp;Yo ten\u00eda ganas de ayudar al club, a este grupo humano que est\u00e1 buen\u00edsimo, al proyecto. Y adem\u00e1s ten\u00eda ganas de jugar, que me encanta\u00bb, asegura convencido.<\/p>\n\n\n\n<p>Para \u00e9l, incluso, es significativo haber superado no s\u00f3lo a Gatti y a Espil, sino tambi\u00e9n a uno de los hist\u00f3ricos del v\u00f3ley argentino. \u00abS\u00e9 que hubo veteranos que han jugado, como&nbsp;Hugo (Conte), que jug\u00f3 hasta los 43\u00bb.<\/p>\n\n\n\n<p>Efectivamente, Saadia tiene el dato correctamente, aunque en la m\u00e1xima categor\u00eda el \u00edcono jug\u00f3 hasta los 42 a\u00f1os (luego particip\u00f3 de la Liga A2). En ese sentido, se dio una situaci\u00f3n todav\u00eda m\u00e1s particular: Conte est\u00e1 en&nbsp;<a href=\"https:\/\/www.clarin.com\/tema\/mar-del-plata.html\" target=\"_blank\" rel=\"noreferrer noopener\">Mar del Plata<\/a>&nbsp;-donde se desarrolla la \u00abburbuja\u00bb de la Copa RUS Argentina- como comentarista televisivo y tambi\u00e9n frecuenta las instalaciones&nbsp;<strong>Diego Arribas<\/strong>, director de Competencias en la ACLAV, quien lleg\u00f3 a jugar con la misma edad que el&nbsp;<em>Tuister<\/em>&nbsp;en la A1. Ambos, ahora, son testigos del r\u00e9cord de Saadia.<\/p>\n\n\n\n<p>La puesta a punto para los partidos, claro, no es la misma que en su momento. Por los avances en la preparaci\u00f3n f\u00edsica tanto como por la edad. Cuenta Alejandro: \u00abObviamente no puedo entrenar al ritmo de los chicos; lo hago menos, con diferenciado, para llegar a los partidos y poder rendir. No puedo tener la misma intensidad todo el tiempo. Me cuido tambi\u00e9n con la alimentaci\u00f3n, elongo\u00a0mucho; siempre me cuid\u00e9, pero ahora m\u00e1s que nunca\u00bb.<\/p>\n\n\n\n<p>Es todo un desaf\u00edo para \u00e9l en el marco de la competencia si se tiene en cuenta, por ejemplo, que se est\u00e1 desempe\u00f1ando en un equipo cuyo promedio de edad es de 23,7 a\u00f1os. Por caso, cuando \u00e9l ya ten\u00eda 20 a\u00f1os la gran mayor\u00eda de sus compa\u00f1eros ni siquiera hab\u00eda&nbsp;nacido.<\/p>\n\n\n\n<p>\u00abSomos de generaciones muy distintas; ni mejor ni peor, simplemente muy diferentes. La llegada a los jugadores es distinta, la comunicaci\u00f3n y la tecnolog\u00eda hicieron que cambie mucho esto\u00bb, afirma el central, que tambi\u00e9n pondera esos avances que permitieron encarar el juego de otra forma: \u00abHay muchas herramientas de estad\u00edstica que generan un mont\u00f3n de informaci\u00f3n que el jugador recibe, eso antes no funcionaba as\u00ed. Ayuda much\u00edsimo para jugar\u00bb.<\/p>\n\n\n\n<p>La gran pregunta que se impone&nbsp;-sin \u00e1nimos de retirarlo, claro-&nbsp;es cu\u00e1nto m\u00e1s durar\u00e1 este camino. Y Alejandro, fiel a su estilo, no se pone fecha de vencimiento sino que disfruta el trayecto sin mayores preocupaciones.<\/p>\n\n\n\n<p>\u00abMe encanta jugar, por eso lo hago; no se trata de necesidad sino de pasarla bien. Me da mucho placer y encontr\u00e9 un grupo que me hace disfrutar un mont\u00f3n. Si no lo estuviese viviendo as\u00ed, no lo estar\u00eda haciendo. Ya pas\u00f3 la \u00e9poca de competir, de vivir de esto. Hoy es disfrutarlo. Estoy muy c\u00f3modo con el rol en el equipo, el del jugador con experiencia compartiendo sus vivencias con un grupo de chicos muy talentosos que tienen mucho por delante. Estoy pas\u00e1ndola muy bien en esta liga\u00bb, asegura con una sonrisa inoxidable, como su juego.<\/p>\n\n\n\n<p class=\"has-text-align-right\"><strong>Fuente Clar\u00edn<\/strong><\/p>\n","protected":false},"excerpt":{"rendered":"","protected":false},"author":2,"featured_media":30450,"comment_status":"closed","ping_status":"closed","sticky":false,"template":"","format":"standard","meta":{"_lmt_disableupdate":"","_lmt_disable":"","footnotes":""},"categories":[3,23,7],"tags":[1899,2082,1405],"class_list":["post-30449","post","type-post","status-publish","format-standard","has-post-thumbnail","hentry","category-destacadas","category-liga-a1","category-ligas-argentinas","tag-alejandro-saadia","tag-copa-rus-2020","tag-once-unidos"],"_links":{"self":[{"href":"https:\/\/www.somosvoley.com\/notas\/wp-json\/wp\/v2\/posts\/30449","targetHints":{"allow":["GET"]}}],"collection":[{"href":"https:\/\/www.somosvoley.com\/notas\/wp-json\/wp\/v2\/posts"}],"about":[{"href":"https:\/\/www.somosvoley.com\/notas\/wp-json\/wp\/v2\/types\/post"}],"author":[{"embeddable":true,"href":"https:\/\/www.somosvoley.com\/notas\/wp-json\/wp\/v2\/users\/2"}],"replies":[{"embeddable":true,"href":"https:\/\/www.somosvoley.com\/notas\/wp-json\/wp\/v2\/comments?post=30449"}],"version-history":[{"count":1,"href":"https:\/\/www.somosvoley.com\/notas\/wp-json\/wp\/v2\/posts\/30449\/revisions"}],"predecessor-version":[{"id":30451,"href":"https:\/\/www.somosvoley.com\/notas\/wp-json\/wp\/v2\/posts\/30449\/revisions\/30451"}],"wp:featuredmedia":[{"embeddable":true,"href":"https:\/\/www.somosvoley.com\/notas\/wp-json\/wp\/v2\/media\/30450"}],"wp:attachment":[{"href":"https:\/\/www.somosvoley.com\/notas\/wp-json\/wp\/v2\/media?parent=30449"}],"wp:term":[{"taxonomy":"category","embeddable":true,"href":"https:\/\/www.somosvoley.com\/notas\/wp-json\/wp\/v2\/categories?post=30449"},{"taxonomy":"post_tag","embeddable":true,"href":"https:\/\/www.somosvoley.com\/notas\/wp-json\/wp\/v2\/tags?post=30449"}],"curies":[{"name":"wp","href":"https:\/\/api.w.org\/{rel}","templated":true}]}}