{"id":3229,"date":"2016-09-30T12:47:58","date_gmt":"2016-09-30T15:47:58","guid":{"rendered":"http:\/\/www.somosvoley.com\/notas\/?p=3229"},"modified":"2016-10-02T00:33:34","modified_gmt":"2016-10-02T03:33:34","slug":"ateneo-ya-piensa-en-la-proxima-a2-y-avanza-en-la-conformacion-del-plantel","status":"publish","type":"post","link":"https:\/\/www.somosvoley.com\/notas\/ateneo-ya-piensa-en-la-proxima-a2-y-avanza-en-la-conformacion-del-plantel\/","title":{"rendered":"Ateneo ya piensa en la pr\u00f3xima Liga A2 y avanza en la conformaci\u00f3n del plantel"},"content":{"rendered":"<p>Ateneo Mariano Moreno ya es uno de los clubes s\u00edmbolo de las presentes Ligas A2 y en esta oportunidad fue uno de los primeros equipos en empezar a conformar su plantel para la pr\u00f3xima temporada. Ya confirm\u00f3 la llegada de Cristian Assaf, Agust\u00edn Rosales y Nicol\u00e1s Mastantuono y la continuidad de los hermanos Josu\u00e9 y Mat\u00edas Montalb\u00e1n.<\/p>\n<p>En la \u00faltima A2, el conjunto de Catamarca estuvo muy cerca de meterse en las semifinales luego del triangular en San Jer\u00f3nimo que termin\u00f3 con triple empate y clasificaci\u00f3n de Estudiantes y Libertad. A pesar de que fue invitado a ser parte de la Liga A1, Ateneo opt\u00f3 por ir paso a paso y buscar\u00e1 consolidarse en la A2 y mejorar la campa\u00f1a del 2016.<\/p>\n<p>As\u00ed es como ya confirm\u00f3 los primeros nombres para la pr\u00f3xima temporada. El armador Nicol\u00e1s Mastantuono y el central Agust\u00edn Rosales llegan provenientes de Universitario de La Plata y de disputar la \u00faltima A2 en Central Norte de Salta. Por su parte, el tucumano Cristian Assaf (opuesto) vuelve a jugar la liga local despu\u00e9s de varias temporadas en El L\u00edbano.<\/p>\n<p>Adem\u00e1s, seguir\u00e1n con respecto a la temporada pasada los cordobeses Josu\u00e9 y Mat\u00edas Montalb\u00e1n, punta y l\u00edbero respectvamente. A su vez, Ateneo tiene novedades en su cuerpo t\u00e9cnico ya que despu\u00e9s de un a\u00f1o regresa como director t\u00e9cnico Mat\u00edas Di Fulvio, quien dirigi\u00f3 al equipo catamarque\u00f1o en la A2 2015.<\/p>\n<p>Cuando todav\u00eda resta definir los \u00faltimos nombres, Ateneo tambi\u00e9n le dar\u00e1 lugar a jugadores de la casa como Lucas Carrizo, Nicol\u00e1s Deprattis, Gustavo Rol\u00f3n, Roque Palomino, Nicol\u00e1s Galv\u00e1n, Gabriel Bastias, Mat\u00edas Rol\u00f3n, Leonel Figueroa, Franco Heredia, Lucas Acu\u00f1a, Facundo Espilocin, Diego Rodr\u00edguez, Mat\u00edas Mercado y Facundo Carabajal.<\/p>\n<p style=\"text-align: right;\"><strong>Mar\u00eda Eugenia Candal<\/strong><br \/>\n<strong>mecandal@somosvoley.com<\/strong><\/p>\n","protected":false},"excerpt":{"rendered":"<p>Ateneo Mariano Moreno ya es uno de los clubes s\u00edmbolo de las presentes Ligas A2 y en esta oportunidad fue uno de los primeros equipos en empezar a conformar su&hellip;<\/p>\n","protected":false},"author":2,"featured_media":3230,"comment_status":"closed","ping_status":"closed","sticky":false,"template":"","format":"standard","meta":{"_lmt_disableupdate":"","_lmt_disable":"","footnotes":""},"categories":[24,7],"tags":[140,567],"class_list":["post-3229","post","type-post","status-publish","format-standard","has-post-thumbnail","hentry","category-liga-a2","category-ligas-argentinas","tag-ateneo","tag-liga-a2-2017"],"_links":{"self":[{"href":"https:\/\/www.somosvoley.com\/notas\/wp-json\/wp\/v2\/posts\/3229","targetHints":{"allow":["GET"]}}],"collection":[{"href":"https:\/\/www.somosvoley.com\/notas\/wp-json\/wp\/v2\/posts"}],"about":[{"href":"https:\/\/www.somosvoley.com\/notas\/wp-json\/wp\/v2\/types\/post"}],"author":[{"embeddable":true,"href":"https:\/\/www.somosvoley.com\/notas\/wp-json\/wp\/v2\/users\/2"}],"replies":[{"embeddable":true,"href":"https:\/\/www.somosvoley.com\/notas\/wp-json\/wp\/v2\/comments?post=3229"}],"version-history":[{"count":2,"href":"https:\/\/www.somosvoley.com\/notas\/wp-json\/wp\/v2\/posts\/3229\/revisions"}],"predecessor-version":[{"id":3232,"href":"https:\/\/www.somosvoley.com\/notas\/wp-json\/wp\/v2\/posts\/3229\/revisions\/3232"}],"wp:featuredmedia":[{"embeddable":true,"href":"https:\/\/www.somosvoley.com\/notas\/wp-json\/wp\/v2\/media\/3230"}],"wp:attachment":[{"href":"https:\/\/www.somosvoley.com\/notas\/wp-json\/wp\/v2\/media?parent=3229"}],"wp:term":[{"taxonomy":"category","embeddable":true,"href":"https:\/\/www.somosvoley.com\/notas\/wp-json\/wp\/v2\/categories?post=3229"},{"taxonomy":"post_tag","embeddable":true,"href":"https:\/\/www.somosvoley.com\/notas\/wp-json\/wp\/v2\/tags?post=3229"}],"curies":[{"name":"wp","href":"https:\/\/api.w.org\/{rel}","templated":true}]}}