{"id":35207,"date":"2022-09-21T19:24:39","date_gmt":"2022-09-21T22:24:39","guid":{"rendered":"http:\/\/www.somosvoley.com\/notas\/?p=35207"},"modified":"2022-09-21T19:24:40","modified_gmt":"2022-09-21T22:24:40","slug":"candela-salinas-lista-para-el-debut-en-el-mundial-nos-preparamos-para-ir-con-el-cuchillo-entre-los-dientes","status":"publish","type":"post","link":"https:\/\/www.somosvoley.com\/notas\/candela-salinas-lista-para-el-debut-en-el-mundial-nos-preparamos-para-ir-con-el-cuchillo-entre-los-dientes\/","title":{"rendered":"Candela Salinas, lista para el debut en el Mundial: \u00abNos preparamos para ir con el cuchillo entre los dientes\u00bb"},"content":{"rendered":"\n<!--more-->\n\n\n\n<p>Candela Salinas sonr\u00ede. No importa qu\u00e9 tan duro haya sido el entrenamiento que acaba de realizar en el CENARD, si se le demora la vuelta a casa o si le falta terminar la valija para viajar a Europa. Ella sonr\u00ede. Y aunque sea un rasgo que habitualmente la caracteriza, por estas horas, tiene un motivo m\u00e1s que valedero para hacerlo. Es que la punta-receptora es una de las 14 Panteras que disputar\u00e1 el Mundial de Pa\u00edses Bajos y Polonia 2022, que adem\u00e1s, ser\u00e1 su primera experiencia mundialista en la Selecci\u00f3n Mayor.<\/p>\n\n\n\n<p>\u00abEs incre\u00edble, una sensaci\u00f3n divina por dentro. Haber jugado Mundiales de menores es mucha adrenalina, pero un Mundial mayor es top top. Estoy muy contenta\u00bb, cont\u00f3 la n\u00famero 5 argentina horas antes de viajar a Francia, donde el elenco nacional disput\u00f3 un torneo amistoso, en la antesala de la Copa del Mundo.<\/p>\n\n\n\n<p>Mientras tacha los d\u00edas para que llegue el debut mundialista, que para Las Panteras ser\u00e1 el pr\u00f3ximo domingo 25 de septiembre, dos d\u00edas despu\u00e9s del inicio del torneo, la jugadora de 22 a\u00f1os aprovecha cada pr\u00e1ctica, charla y momento compartido durante la concentraci\u00f3n para aprender de las m\u00e1s experimentadas del plantel, como Emilce Sosa, Tatiana Rizzo y Yamila Nizetich, que ya saben lo que es defender la celeste y blanca en mundiales de mayores.<\/p>\n\n\n\n<p>\u00abEllas son las referentes, nos apoyamos mucho en ellas y son de una gran ayuda. Nosotras (las m\u00e1s chicas del equipo) estamos creciendo y viendo con los ojos abiertos toda la carrera que est\u00e1n haciendo, as\u00ed que les preguntamos cosas siempre, nos cuentan de Mundiales anteriores\u2026 Es una re linda experiencia\u00bb, coment\u00f3 la jugadora de Boca, que continuar\u00e1 su carrera en Italia despu\u00e9s de su paso por Sassuolo.<\/p>\n\n\n\n<p>No es una zona sencilla la que tiene Argentina, que integra el Grupo D junto a Brasil, China, Jap\u00f3n, Colombia y Rep\u00fablica Checa. Sin embargo, Salinas se apoya en la preparaci\u00f3n que viene realizando el equipo encabezado por Hern\u00e1n Ferraro para permitirse so\u00f1ar. \u00abSon rivales fuertes todos, pero nos tengo mucha confianza. Venimos dando lo mejor de cada una para ir a cada partido con el cuchillo entre los dientes. Siento que estamos preparadas para lo que viene\u00bb, avis\u00f3.<\/p>\n\n\n\n<p>\u00abHay que jugar cada partido al m\u00e1ximo e irse de la cancha sabiendo que una dej\u00f3 todo. Si se gana, excelente. Y si se pierde, hay que estar tranquila que se dej\u00f3 todo\u00bb, reafirm\u00f3 Salinas, que a pura sonrisa, est\u00e1 lista para el gran desaf\u00edo.<\/p>\n\n\n\n<p class=\"has-text-align-right\"><strong>Roc\u00edo Garc\u00eda<\/strong><\/p>\n","protected":false},"excerpt":{"rendered":"<p>Candela Salinas sonr\u00ede. No importa qu\u00e9 tan duro haya sido el entrenamiento que acaba de realizar en el CENARD, si se le demora la vuelta a casa o si le&hellip;<\/p>\n","protected":false},"author":8,"featured_media":35208,"comment_status":"closed","ping_status":"closed","sticky":false,"template":"","format":"standard","meta":{"_lmt_disableupdate":"","_lmt_disable":"","footnotes":""},"categories":[3,21,16],"tags":[389],"class_list":["post-35207","post","type-post","status-publish","format-standard","has-post-thumbnail","hentry","category-destacadas","category-femenina-mayor","category-selecciones","tag-las-panteras"],"_links":{"self":[{"href":"https:\/\/www.somosvoley.com\/notas\/wp-json\/wp\/v2\/posts\/35207","targetHints":{"allow":["GET"]}}],"collection":[{"href":"https:\/\/www.somosvoley.com\/notas\/wp-json\/wp\/v2\/posts"}],"about":[{"href":"https:\/\/www.somosvoley.com\/notas\/wp-json\/wp\/v2\/types\/post"}],"author":[{"embeddable":true,"href":"https:\/\/www.somosvoley.com\/notas\/wp-json\/wp\/v2\/users\/8"}],"replies":[{"embeddable":true,"href":"https:\/\/www.somosvoley.com\/notas\/wp-json\/wp\/v2\/comments?post=35207"}],"version-history":[{"count":1,"href":"https:\/\/www.somosvoley.com\/notas\/wp-json\/wp\/v2\/posts\/35207\/revisions"}],"predecessor-version":[{"id":35209,"href":"https:\/\/www.somosvoley.com\/notas\/wp-json\/wp\/v2\/posts\/35207\/revisions\/35209"}],"wp:featuredmedia":[{"embeddable":true,"href":"https:\/\/www.somosvoley.com\/notas\/wp-json\/wp\/v2\/media\/35208"}],"wp:attachment":[{"href":"https:\/\/www.somosvoley.com\/notas\/wp-json\/wp\/v2\/media?parent=35207"}],"wp:term":[{"taxonomy":"category","embeddable":true,"href":"https:\/\/www.somosvoley.com\/notas\/wp-json\/wp\/v2\/categories?post=35207"},{"taxonomy":"post_tag","embeddable":true,"href":"https:\/\/www.somosvoley.com\/notas\/wp-json\/wp\/v2\/tags?post=35207"}],"curies":[{"name":"wp","href":"https:\/\/api.w.org\/{rel}","templated":true}]}}