{"id":5892,"date":"2017-01-10T16:14:45","date_gmt":"2017-01-10T19:14:45","guid":{"rendered":"http:\/\/www.somosvoley.com\/notas\/?p=5892"},"modified":"2017-01-12T12:03:18","modified_gmt":"2017-01-12T15:03:18","slug":"campus-kiko-mendez-paz-se-viene-la-quinta-edicion-en-bell-ville","status":"publish","type":"post","link":"https:\/\/www.somosvoley.com\/notas\/campus-kiko-mendez-paz-se-viene-la-quinta-edicion-en-bell-ville\/","title":{"rendered":"Campus Kiko M\u00e9ndez Paz: Se viene la quinta edici\u00f3n en Bell Ville"},"content":{"rendered":"<p><!--more--><\/p>\n<p>El pr\u00f3ximo mes llegar\u00e1 la quinta edici\u00f3n del Campus Kiko M\u00e9ndez Paz, el ya tradicional espacio de intercambio y aprendizaje que en esta oportunidad se realizar\u00e1 en la localidad de Bell Ville en C\u00f3rdoba. Entre el 8 y el 11 de febrero, jugadores de entre 11 y 18 a\u00f1os, padres, dirigentes y entrenadores disfrutar\u00e1n de cuatro jornadas de intensa actividad que incluir\u00e1 entrenamientos, disertaciones y charlas para todos los gustos. \u00a1Estate atento a las novedades en nuestras redes sociales y sumate al sorteo de la beca para participar del Campus!<\/p>\n<p>Una de las novedades de esta edici\u00f3n tendr\u00e1 que ver con que por primera vez la rama masculina participar\u00e1 en el Campus, una deuda pendiente que este a\u00f1o Enrique M\u00e9ndez Paz, mentor e ide\u00f3logo de la actividad, pudo finalmente saldar en consonancia con una demanda presente en las oportunidades previas. Adem\u00e1s, este a\u00f1o entre los 140 participantes habr\u00e1 presencia latinoamericana asegurada, con inscriptos de Chile, Bolivia y Uruguay.<\/p>\n<p>El trabajo orientado a los jugadores estar\u00e1 dividido seg\u00fan sexo, edad y nivel de juego con referentes provinciales y nacionales a cargo de los entrenamiento. Adem\u00e1s, los chicos participar\u00e1n de concursos, premios y torneos internos que tendr\u00e1n su punto c\u00falmine en el juego de las estrellas de la \u00faltima jornada.<\/p>\n<p>El entrenamiento no ser\u00e1 el \u00fanico espacio de intercambio, ya que tambi\u00e9n habr\u00e1 charlas con temas como psicolog\u00eda deportiva, kinesiolog\u00eda, coaching y liderazgo a cargo de referentes de cada \u00e1rea. Todas estas actividades no ser\u00e1n solamente para jugadores, sino que tambi\u00e9n padres, entrenadores y dirigentes podr\u00e1n sumarse observando y participando en las mesas abiertas.<\/p>\n<p>La premisa de este quinta edici\u00f3n vuelve a ser el fortalecimiento de un espacio de encuentro entre distintas realidades del v\u00f3ley, una experiencia integradora para los participantes que entrar\u00e1n en contacto con gente de todo el pa\u00eds y Sudam\u00e9rica para vivir una verdadera fiesta de v\u00f3ley en la municipalidad de Bell Ville. Para inscripciones consultar en www.campuskikomendezpaz.wordpress.com<\/p>\n<p>&nbsp;<\/p>\n","protected":false},"excerpt":{"rendered":"","protected":false},"author":3,"featured_media":5913,"comment_status":"closed","ping_status":"closed","sticky":false,"template":"","format":"standard","meta":{"_lmt_disableupdate":"","_lmt_disable":"","footnotes":""},"categories":[4],"tags":[765],"class_list":["post-5892","post","type-post","status-publish","format-standard","has-post-thumbnail","hentry","category-inferiores","tag-campus-kiko-mendez-paz-2017"],"_links":{"self":[{"href":"https:\/\/www.somosvoley.com\/notas\/wp-json\/wp\/v2\/posts\/5892","targetHints":{"allow":["GET"]}}],"collection":[{"href":"https:\/\/www.somosvoley.com\/notas\/wp-json\/wp\/v2\/posts"}],"about":[{"href":"https:\/\/www.somosvoley.com\/notas\/wp-json\/wp\/v2\/types\/post"}],"author":[{"embeddable":true,"href":"https:\/\/www.somosvoley.com\/notas\/wp-json\/wp\/v2\/users\/3"}],"replies":[{"embeddable":true,"href":"https:\/\/www.somosvoley.com\/notas\/wp-json\/wp\/v2\/comments?post=5892"}],"version-history":[{"count":2,"href":"https:\/\/www.somosvoley.com\/notas\/wp-json\/wp\/v2\/posts\/5892\/revisions"}],"predecessor-version":[{"id":5911,"href":"https:\/\/www.somosvoley.com\/notas\/wp-json\/wp\/v2\/posts\/5892\/revisions\/5911"}],"wp:featuredmedia":[{"embeddable":true,"href":"https:\/\/www.somosvoley.com\/notas\/wp-json\/wp\/v2\/media\/5913"}],"wp:attachment":[{"href":"https:\/\/www.somosvoley.com\/notas\/wp-json\/wp\/v2\/media?parent=5892"}],"wp:term":[{"taxonomy":"category","embeddable":true,"href":"https:\/\/www.somosvoley.com\/notas\/wp-json\/wp\/v2\/categories?post=5892"},{"taxonomy":"post_tag","embeddable":true,"href":"https:\/\/www.somosvoley.com\/notas\/wp-json\/wp\/v2\/tags?post=5892"}],"curies":[{"name":"wp","href":"https:\/\/api.w.org\/{rel}","templated":true}]}}